{"id":2225,"date":"2026-04-27T09:55:14","date_gmt":"2026-04-27T09:55:14","guid":{"rendered":"https:\/\/llumiverdad.com\/?p=2225"},"modified":"2026-04-27T09:58:39","modified_gmt":"2026-04-27T09:58:39","slug":"la-maconeria-i-el-final-de-la-vida","status":"publish","type":"post","link":"https:\/\/llumiverdad.com\/ca\/sin-categorizar\/la-maconeria-i-el-final-de-la-vida\/","title":{"rendered":"La ma\u00e7oneria i el final de la vida"},"content":{"rendered":"\n<p>A trav\u00e9s del an\u00e1lisis de diferentes obras pict\u00f3ricas, el conferenciante va desgranando la concepci\u00f3n mas\u00f3nica de la vida. Dentro de la tradici\u00f3n mas\u00f3nica, la muerte deja de ser un final aterrador para transformarse en el eje estructurador de una existencia consciente. Bajo esta premisa inici\u00e1tica, aprender a vivir es, en esencia, aprender a morir, pues la finitud act\u00faa como un espejo que revela la vanidad de lo superfluo. La Masoner\u00eda no impone dogmas ni respuestas sobre el m\u00e1s all\u00e1, sino que ofrece herramientas y un m\u00e9todo para que cada individuo evolucione hacia una mayor autoconsciencia. En este proceso, el arte se convierte en una gu\u00eda fundamental que, desde los tiempos m\u00e1s remotos de la humanidad hasta hoy mismo, ha revelado las luces y sombras de la condici\u00f3n humana. Al integrar la propia finitud, la vida se convierte en una obra que deja huella en los dem\u00e1s, transformando el final de la vida en un acto de trascendencia.<\/p>\n\n\n\n<figure class=\"wp-block-image size-large\"><a href=\"https:\/\/llumiverdad.com\/wp-content\/uploads\/2026\/04\/Cartell-final-de-la-vida-maig-2026-2-scaled.jpg\"><img decoding=\"async\" loading=\"lazy\" width=\"724\" height=\"1024\" src=\"https:\/\/llumiverdad.com\/wp-content\/uploads\/2026\/04\/Cartell-final-de-la-vida-maig-2026-2-724x1024.jpg\" alt=\"\" class=\"wp-image-2227\" srcset=\"https:\/\/llumiverdad.com\/wp-content\/uploads\/2026\/04\/Cartell-final-de-la-vida-maig-2026-2-724x1024.jpg 724w, https:\/\/llumiverdad.com\/wp-content\/uploads\/2026\/04\/Cartell-final-de-la-vida-maig-2026-2-212x300.jpg 212w, https:\/\/llumiverdad.com\/wp-content\/uploads\/2026\/04\/Cartell-final-de-la-vida-maig-2026-2-768x1086.jpg 768w, https:\/\/llumiverdad.com\/wp-content\/uploads\/2026\/04\/Cartell-final-de-la-vida-maig-2026-2-1086x1536.jpg 1086w, https:\/\/llumiverdad.com\/wp-content\/uploads\/2026\/04\/Cartell-final-de-la-vida-maig-2026-2-1448x2048.jpg 1448w, https:\/\/llumiverdad.com\/wp-content\/uploads\/2026\/04\/Cartell-final-de-la-vida-maig-2026-2-scaled.jpg 1810w\" sizes=\"(max-width: 724px) 100vw, 724px\" \/><\/a><\/figure>\n","protected":false},"excerpt":{"rendered":"<p>A trav\u00e9s del an\u00e1lisis de diferentes obras pict\u00f3ricas, el conferenciante va desgranando la concepci\u00f3n mas\u00f3nica de la vida. Dentro de la tradici\u00f3n mas\u00f3nica, la muerte deja de ser un final aterrador para transformarse en el eje estructurador de una existencia consciente. Bajo esta premisa inici\u00e1tica, aprender a vivir es, en esencia, aprender a morir, pues&#8230;<\/p>\n","protected":false},"author":3,"featured_media":2221,"comment_status":"open","ping_status":"open","sticky":false,"template":"","format":"standard","meta":{"_kad_blocks_custom_css":"","_kad_blocks_head_custom_js":"","_kad_blocks_body_custom_js":"","_kad_blocks_footer_custom_js":"","_kad_post_transparent":"","_kad_post_title":"","_kad_post_layout":"","_kad_post_sidebar_id":"","_kad_post_content_style":"","_kad_post_vertical_padding":"","_kad_post_feature":"","_kad_post_feature_position":"","_kad_post_header":false,"_kad_post_footer":false},"categories":[1],"tags":[],"featured_image_src_large":["https:\/\/llumiverdad.com\/wp-content\/uploads\/2026\/04\/Cartell-final-de-la-vida-maig-2026-1-724x1024.jpg",724,1024,true],"author_info":{"display_name":"Xavier","author_link":"https:\/\/llumiverdad.com\/ca\/author\/xavier\/"},"comment_info":0,"category_info":[{"term_id":1,"name":"Sin categorizar","slug":"sin-categorizar","term_group":0,"term_taxonomy_id":1,"taxonomy":"category","description":"","parent":0,"count":71,"filter":"raw","cat_ID":1,"category_count":71,"category_description":"","cat_name":"Sin categorizar","category_nicename":"sin-categorizar","category_parent":0}],"tag_info":false,"taxonomy_info":{"category":[{"value":1,"label":"Sin categorizar"}]},"_links":{"self":[{"href":"https:\/\/llumiverdad.com\/ca\/wp-json\/wp\/v2\/posts\/2225"}],"collection":[{"href":"https:\/\/llumiverdad.com\/ca\/wp-json\/wp\/v2\/posts"}],"about":[{"href":"https:\/\/llumiverdad.com\/ca\/wp-json\/wp\/v2\/types\/post"}],"author":[{"embeddable":true,"href":"https:\/\/llumiverdad.com\/ca\/wp-json\/wp\/v2\/users\/3"}],"replies":[{"embeddable":true,"href":"https:\/\/llumiverdad.com\/ca\/wp-json\/wp\/v2\/comments?post=2225"}],"version-history":[{"count":3,"href":"https:\/\/llumiverdad.com\/ca\/wp-json\/wp\/v2\/posts\/2225\/revisions"}],"predecessor-version":[{"id":2230,"href":"https:\/\/llumiverdad.com\/ca\/wp-json\/wp\/v2\/posts\/2225\/revisions\/2230"}],"wp:featuredmedia":[{"embeddable":true,"href":"https:\/\/llumiverdad.com\/ca\/wp-json\/wp\/v2\/media\/2221"}],"wp:attachment":[{"href":"https:\/\/llumiverdad.com\/ca\/wp-json\/wp\/v2\/media?parent=2225"}],"wp:term":[{"taxonomy":"category","embeddable":true,"href":"https:\/\/llumiverdad.com\/ca\/wp-json\/wp\/v2\/categories?post=2225"},{"taxonomy":"post_tag","embeddable":true,"href":"https:\/\/llumiverdad.com\/ca\/wp-json\/wp\/v2\/tags?post=2225"}],"curies":[{"name":"wp","href":"https:\/\/api.w.org\/{rel}","templated":true}]}}